{"id":3414,"date":"2023-03-27T09:39:10","date_gmt":"2023-03-27T07:39:10","guid":{"rendered":"https:\/\/ihgd.pl\/?p=3414"},"modified":"2023-03-27T09:39:10","modified_gmt":"2023-03-27T07:39:10","slug":"nieuczciwe-praktyki-polmediq-zarzuty-prezesa-uokik","status":"publish","type":"post","link":"https:\/\/ihgd.pl\/?p=3414","title":{"rendered":"Nieuczciwe praktyki POLMEDIQ &#8211; zarzuty Prezesa UOKiK."},"content":{"rendered":"<ul>\n<li style=\"text-align: justify;\"><strong>Prezes UOKiK Tomasz Chr\u00f3stny postawi\u0142 zarzuty pozna\u0144skiej sp\u00f3\u0142ce POLMEDIQ.<\/strong><\/li>\n<li style=\"text-align: justify;\"><strong>Konsumenci zapraszani s\u0105 na bezp\u0142atne badania odporno\u015bci, nie wiedz\u0105c, \u017ce maj\u0105 one charakter handlowy i mog\u0105 zosta\u0107 wprowadzeni w b\u0142\u0105d odno\u015bnie stanu swojego zdrowia<\/strong><strong>.<\/strong><\/li>\n<li style=\"text-align: justify;\"><strong>Za stosowanie nieuczciwych praktyk rynkowych sp\u00f3\u0142ce grozi do 10 proc. obrotu, kara pieni\u0119\u017cna mo\u017ce zosta\u0107 na\u0142o\u017cona tak\u017ce na cz\u0142onk\u00f3w zarz\u0105du. <\/strong><\/li>\n<\/ul>\n<p style=\"text-align: justify;\">POLMEDIQ prowadzi plac\u00f3wk\u0119 rehabilitacyjno-terapeutyczn\u0105 w Poznaniu oferuj\u0105c\u0105 r\u00f3\u017cnego rodzaju us\u0142ugi o charakterze medycznym. Sp\u00f3\u0142ka dzia\u0142a od kwietnia 2022 r. Po otrzymaniu sygna\u0142\u00f3w od konsument\u00f3w, Prezes Urz\u0119du Ochrony Konkurencji i Konsument\u00f3w postanowi\u0142 przyjrze\u0107 si\u0119 dzia\u0142aniom przedsi\u0119biorcy pod k\u0105tem naruszania zbiorowych interes\u00f3w konsument\u00f3w. Teraz POLMEDIQ otrzyma\u0142a zarzuty stosowania nieuczciwych praktyk rynkowych.<\/p>\n<p style=\"text-align: justify;\"><iframe loading=\"lazy\" src=\"https:\/\/player.vimeo.com\/video\/811226613\" allowfullscreen=\"allowfullscreen\" data-mce-fragment=\"1\" width=\"180\" height=\"270\" frameborder=\"0\"><\/iframe><br \/>\n<a href=\"https:\/\/vimeo.com\/uokik\/download\/811226613\/90f4ce8d05\">Pobierz wypowied\u017a Prezesa UOKiK Tomasza Chr\u00f3stnego<\/a><\/p>\n<p style=\"text-align: justify;\">Sp\u00f3\u0142ka poprzez ulotki i stron\u0119 internetow\u0105 zaprasza osoby mi\u0119dzy 40 a 85 rokiem \u017cycia na bezp\u0142atne badania odporno\u015bci, deklaruj\u0105c udzielenie porad medycznych i wystawienie skierowania na morfologi\u0119. Wystarczy um\u00f3wi\u0107 wizyt\u0119 telefonicznie i w wyznaczonym terminie uda\u0107 si\u0119 do plac\u00f3wki. Z ustale\u0144 Prezesa Urz\u0119du wynika, \u017ce konsumenci nie s\u0105 informowani o handlowym charakterze tego zaproszenia ani samych bada\u0144. Za wywiad medyczny, badania odporno\u015bci urz\u0105dzeniem do analizy sk\u0142adu cia\u0142a i ich interpretacj\u0119 w plac\u00f3wce POLMEDIQ odpowiada osoba, kt\u00f3ra nie jest dietetykiem ani lekarzem. Jest to przedstawicielka handlowa okre\u015blona mianem diagnosty, kt\u00f3ra wykorzystuje wyniki pacjent\u00f3w, do zaprezentowania komercyjnej oferty plac\u00f3wki. Co za tym idzie konsumenci mog\u0105 by\u0107 wprowadzani w b\u0142\u0105d odno\u015bnie stanu zdrowia, posiadanych schorze\u0144 oraz dalszej diagnostyki, tylko po to, aby zdecydowali si\u0119&nbsp; na zakup oferowanych przez sp\u00f3\u0142k\u0119 produkt\u00f3w i us\u0142ug.<\/p>\n<p style=\"text-align: justify;\">Podczas prowadzonych bada\u0144 odporno\u015bci konsumentom sk\u0142adana jest oferta udzia\u0142u w programie \u201eKrok po zdrowie\u201d. POLMEDIQ oferuje dwa pakiety medyczne, r\u00f3\u017cni\u0105ce si\u0119 zakresem \u015bwiadczonych us\u0142ug oraz oferowanych towar\u00f3w. Ceny pakiet\u00f3w maj\u0105 przy tym uwzgl\u0119dnia\u0107 rzekom\u0105 refundacj\u0119. Z analiz Prezesa Urz\u0119du wynika, \u017ce konsumenci mog\u0105 by\u0107 wprowadzani w b\u0142\u0105d co do istnienia szczeg\u00f3lnej korzy\u015bci cenowej, r\u00f3wnie\u017c informacja o mo\u017cliwo\u015bci skorzystania z refundacji mo\u017ce wp\u0142ywa\u0107 na decyzje podejmowane przez konsument\u00f3w.<\/p>\n<p style=\"text-align: justify;\">Ponadto, jednym z oferowanych przez POLMEDIQ produkt\u00f3w na dolegliwo\u015bci pacjent\u00f3w jest we\u0142niany podk\u0142ad do \u0107wicze\u0144 rehabilitacyjnych. Sp\u00f3\u0142ka do\u0142\u0105cza do niego opracowan\u0105 przez siebie instrukcj\u0119 u\u017cytkowania, wed\u0142ug kt\u00f3rej mata s\u0142u\u017cy do magnetoterapii i jest pomocna przy licznych schorzeniach. Tymczasem nie pokrywa si\u0119 to z danymi producenta podk\u0142adu, kt\u00f3ry nie podaje sugerowanej przez sp\u00f3\u0142k\u0119 informacji na temat w\u0142a\u015bciwo\u015bci magnetycznych produktu. Co za tym idzie zastosowanie medyczne maty jest du\u017co w\u0119\u017csze ni\u017c wskazuje na to sprzedawca.<\/p>\n<p style=\"text-align: justify;\"><em>&#8211; Forma zaproszenia na bezp\u0142atne badania medyczne przez POLMEDIQ mog\u0142a wprowadza\u0107 konsument\u00f3w w b\u0142\u0105d i wp\u0142ywa\u0107 na ich decyzje dotycz\u0105ce wsp\u00f3\u0142pracy z przedsi\u0119biorc\u0105. <\/em><em>Nie ulega w\u0105tpliwo\u015bci, \u017ce manipulowanie informacjami o rzekomym stanie zdrowia pacjent\u00f3w, aby nam\u00f3wi\u0107 ich do skorzystania z oferty plac\u00f3wki, jest praktyk\u0105 niedopuszczaln\u0105 &#8211; <\/em>m\u00f3wi Tomasz Chr\u00f3stny, Prezes UOKiK.<\/p>\n<div class=\"hide-mobi\" style=\"text-align: justify;\"><img decoding=\"async\" src=\"https:\/\/uokik.gov.pl\/img\/553281c3.png\"><\/div>\n<div class=\"hide-mobi\" style=\"text-align: justify;\">&nbsp;<\/div>\n<p style=\"text-align: justify;\">POLMEDIQ grozi kara do 10 proc. obrotu. Konsekwencje finansowe mog\u0105 ponie\u015b\u0107 tak\u017ce osoby zarz\u0105dzaj\u0105ce. Za umy\u015blne dopuszczenie do narusze\u0144 zbiorowych interes\u00f3w konsument\u00f3w grozi im kara do 2 mln z\u0142. Z kolei w sprawie przedstawicielki handlowej firmy, kt\u00f3ra bez niezb\u0119dnych uprawnie\u0144 diagnozowa\u0142a pacjent\u00f3w, zosta\u0142o z\u0142o\u017cone zawiadomienie do prokuratury.<\/p>\n<p style=\"text-align: justify;\">Zakwestionowana praktyka plac\u00f3wki mo\u017ce by\u0107 wzorowana na nieuczciwych pokazach handlowych, podczas kt\u00f3rych za po\u015brednictwem fa\u0142szywego pretekstu, np. zaproszenia na diagnostyk\u0119 medyczn\u0105 oferuje si\u0119 konsumentom, cz\u0119sto osobom starszym, produkty lub us\u0142ugi po cenach znacznie wy\u017cszych ni\u017c rynkowe. Urz\u0105d Ochrony Konkurencji i Konsument\u00f3w walczy z podobnymi dzia\u0142aniami, monitoruje rynek, edukuje konsument\u00f3w i dba o nienaruszanie ich zbiorowych interes\u00f3w. Od nowego roku \u2013 dzi\u0119ki inicjatywie Prezesa UOKiK \u2013 obowi\u0105zuj\u0105 <a href=\"https:\/\/uokik.gov.pl\/aktualnosci.php?news_id=19189\">bardziej rygorystyczne przepisy<\/a> dotycz\u0105ce pokaz\u00f3w i wycieczek, podczas kt\u00f3rych prowadzona jest sprzeda\u017c.<\/p>\n<p><span style=\"color: #ff0000;\"><strong><em>Czytaj wi\u0119cej na:<\/em><\/strong><\/span><br \/>\n<a href=\"https:\/\/uokik.gov.pl\/aktualnosci.php?news_id=19452\" target=\"_blank\" rel=\"noopener\">https:\/\/uokik.gov.pl\/aktualnosci.php?news_id=19452<\/a><\/p>\n","protected":false},"excerpt":{"rendered":"<div class=\"mh-excerpt\"><p>Prezes UOKiK Tomasz Chr\u00f3stny postawi\u0142 zarzuty pozna\u0144skiej sp\u00f3\u0142ce POLMEDIQ. Konsumenci zapraszani s\u0105 na bezp\u0142atne badania odporno\u015bci, nie wiedz\u0105c, \u017ce maj\u0105 one charakter handlowy i mog\u0105 zosta\u0107 wprowadzeni w b\u0142\u0105d odno\u015bnie <a class=\"mh-excerpt-more\" href=\"https:\/\/ihgd.pl\/?p=3414\" title=\"Nieuczciwe praktyki POLMEDIQ &#8211; zarzuty Prezesa UOKiK.\">(((&#8230;wi\u0119cej)))<\/a><\/p>\n<\/div>","protected":false},"author":1,"featured_media":3415,"comment_status":"closed","ping_status":"closed","sticky":false,"template":"","format":"standard","meta":{"ngg_post_thumbnail":0,"footnotes":""},"categories":[4],"tags":[753,752,37,751,96,670,754],"class_list":["post-3414","post","type-post","status-publish","format-standard","has-post-thumbnail","hentry","category-artykuly","tag-badania-odpornosci","tag-nieuczciwe-praktyki-handlowe","tag-ochrona-konsumentow","tag-polmediq","tag-uokik","tag-zarzuty","tag-zdrowie"],"_links":{"self":[{"href":"https:\/\/ihgd.pl\/index.php?rest_route=\/wp\/v2\/posts\/3414","targetHints":{"allow":["GET"]}}],"collection":[{"href":"https:\/\/ihgd.pl\/index.php?rest_route=\/wp\/v2\/posts"}],"about":[{"href":"https:\/\/ihgd.pl\/index.php?rest_route=\/wp\/v2\/types\/post"}],"author":[{"embeddable":true,"href":"https:\/\/ihgd.pl\/index.php?rest_route=\/wp\/v2\/users\/1"}],"replies":[{"embeddable":true,"href":"https:\/\/ihgd.pl\/index.php?rest_route=%2Fwp%2Fv2%2Fcomments&post=3414"}],"version-history":[{"count":1,"href":"https:\/\/ihgd.pl\/index.php?rest_route=\/wp\/v2\/posts\/3414\/revisions"}],"predecessor-version":[{"id":3416,"href":"https:\/\/ihgd.pl\/index.php?rest_route=\/wp\/v2\/posts\/3414\/revisions\/3416"}],"wp:featuredmedia":[{"embeddable":true,"href":"https:\/\/ihgd.pl\/index.php?rest_route=\/wp\/v2\/media\/3415"}],"wp:attachment":[{"href":"https:\/\/ihgd.pl\/index.php?rest_route=%2Fwp%2Fv2%2Fmedia&parent=3414"}],"wp:term":[{"taxonomy":"category","embeddable":true,"href":"https:\/\/ihgd.pl\/index.php?rest_route=%2Fwp%2Fv2%2Fcategories&post=3414"},{"taxonomy":"post_tag","embeddable":true,"href":"https:\/\/ihgd.pl\/index.php?rest_route=%2Fwp%2Fv2%2Ftags&post=3414"}],"curies":[{"name":"wp","href":"https:\/\/api.w.org\/{rel}","templated":true}]}}