{"id":1939,"date":"2020-06-12T08:44:55","date_gmt":"2020-06-12T06:44:55","guid":{"rendered":"http:\/\/ihgd.pl\/?p=1939"},"modified":"2020-06-12T13:47:58","modified_gmt":"2020-06-12T11:47:58","slug":"uokik-tarcza-kapitalowa-ze-zgoda-komisji-europejskiej","status":"publish","type":"post","link":"https:\/\/ihgd.pl\/?p=1939","title":{"rendered":"UOKiK &#8211; Tarcza kapita\u0142owa ze zgod\u0105 Komisji Europejskiej."},"content":{"rendered":"<div class=\"news_text\">\n<ul>\n<li style=\"text-align: justify;\"><strong>Komisja Europejska wyda\u0142a pozytywn\u0105 decyzj\u0119 w sprawie programu pomocowego przewiduj\u0105cego udzielanie przedsi\u0119biorcom pomocy publicznej w formie inwestycji kapita\u0142owych, czyli tzw. tarczy kapita\u0142owej.<\/strong><\/li>\n<li style=\"text-align: justify;\"><strong>Oznacza to, \u017ce 7,5 mld z\u0142 trafi do firm, kt\u00f3re ucierpia\u0142y w czasie pandemii koronawirusa.<\/strong><\/li>\n<li style=\"text-align: justify;\"><strong>Negocjacje w tej sprawie prowadzi\u0142 UOKiK oraz PFR.<\/strong><\/li>\n<\/ul>\n<p style=\"text-align: justify;\">Tarcza kapita\u0142owa przewiduje udzielanie du\u017cym oraz niekt\u00f3rym ma\u0142ym i \u015brednim przedsi\u0119biorstwom pomocy w formie podwy\u017cszenia kapita\u0142u zak\u0142adowego (obejmowanie nowo wyemitowanych akcji lub udzia\u0142\u00f3w, w tym poprzez subskrypcj\u0119 warrant\u00f3w i ich dalsz\u0105 konwersj\u0119 na kapita\u0142) oraz po\u017cyczek lub obligacji konwertowalnych na kapita\u0142. Celem wsparcia jest przywr\u00f3cenie stabilnej struktury firm, kt\u00f3re w czasie pandemii COVID-19 musia\u0142y ograniczy\u0107 lub wstrzyma\u0107 produkcj\u0119, czy \u015bwiadczenie us\u0142ug, a tak\u017ce odczu\u0142y ograniczenie popytu. Program pomocowy zosta\u0142 zatwierdzony na podstawie sekcji 3.11 <em>Tymczasowych ram \u015brodk\u00f3w pomocy pa\u0144stwa w celu wsparcia gospodarki w kontek\u015bcie trwaj\u0105cej epidemii Covid-19<\/em>.<\/p>\n<p style=\"text-align: justify;\">Bud\u017cet zatwierdzonego programu wynosi 7,5 mld z\u0142. Maksymalna kwota pomocy dla jednego przedsi\u0119biorcy mo\u017ce wynie\u015b\u0107 miliard z\u0142.<\/p>\n<p style=\"text-align: justify;\">&nbsp;Program zosta\u0142 formalnie notyfikowany Komisji Europejskiej przez Prezesa UOKiK 6 maja, natomiast negocjacje nad kszta\u0142tem programu prowadzone by\u0142y przez UOKiK i Polski Fundusz Rozwoju&nbsp; z Komisj\u0105 Europejsk\u0105 od 15 kwietnia.<\/p>\n<p><span style=\"color: #ff0000;\"><em><strong>Czytaj wi\u0119cej na:<\/strong><\/em><\/span><br \/>\n<a href=\"https:\/\/www.uokik.gov.pl\/aktualnosci.php?news_id=16484\" target=\"_blank\" rel=\"noopener noreferrer\">https:\/\/www.uokik.gov.pl\/aktualnosci.php?news_id=16484<\/a><\/p>\n<\/div>\n","protected":false},"excerpt":{"rendered":"<div class=\"mh-excerpt\"><p>Komisja Europejska wyda\u0142a pozytywn\u0105 decyzj\u0119 w sprawie programu pomocowego przewiduj\u0105cego udzielanie przedsi\u0119biorcom pomocy publicznej w formie inwestycji kapita\u0142owych, czyli tzw. tarczy kapita\u0142owej. Oznacza to, \u017ce 7,5 mld z\u0142 trafi do <a class=\"mh-excerpt-more\" href=\"https:\/\/ihgd.pl\/?p=1939\" title=\"UOKiK &#8211; Tarcza kapita\u0142owa ze zgod\u0105 Komisji Europejskiej.\">(((&#8230;wi\u0119cej)))<\/a><\/p>\n<\/div>","protected":false},"author":1,"featured_media":1889,"comment_status":"closed","ping_status":"closed","sticky":false,"template":"","format":"standard","meta":{"ngg_post_thumbnail":0,"footnotes":""},"categories":[4],"tags":[231,230,152,193,222,229,178,96],"class_list":["post-1939","post","type-post","status-publish","format-standard","has-post-thumbnail","hentry","category-artykuly","tag-ke","tag-komisja-europejska","tag-koronawirus","tag-ochrona-konkurencji","tag-ochrona-przedsiebiorcow","tag-pomoc-publiczna","tag-tarcza-antykryzysowa","tag-uokik"],"_links":{"self":[{"href":"https:\/\/ihgd.pl\/index.php?rest_route=\/wp\/v2\/posts\/1939","targetHints":{"allow":["GET"]}}],"collection":[{"href":"https:\/\/ihgd.pl\/index.php?rest_route=\/wp\/v2\/posts"}],"about":[{"href":"https:\/\/ihgd.pl\/index.php?rest_route=\/wp\/v2\/types\/post"}],"author":[{"embeddable":true,"href":"https:\/\/ihgd.pl\/index.php?rest_route=\/wp\/v2\/users\/1"}],"replies":[{"embeddable":true,"href":"https:\/\/ihgd.pl\/index.php?rest_route=%2Fwp%2Fv2%2Fcomments&post=1939"}],"version-history":[{"count":3,"href":"https:\/\/ihgd.pl\/index.php?rest_route=\/wp\/v2\/posts\/1939\/revisions"}],"predecessor-version":[{"id":1942,"href":"https:\/\/ihgd.pl\/index.php?rest_route=\/wp\/v2\/posts\/1939\/revisions\/1942"}],"wp:featuredmedia":[{"embeddable":true,"href":"https:\/\/ihgd.pl\/index.php?rest_route=\/wp\/v2\/media\/1889"}],"wp:attachment":[{"href":"https:\/\/ihgd.pl\/index.php?rest_route=%2Fwp%2Fv2%2Fmedia&parent=1939"}],"wp:term":[{"taxonomy":"category","embeddable":true,"href":"https:\/\/ihgd.pl\/index.php?rest_route=%2Fwp%2Fv2%2Fcategories&post=1939"},{"taxonomy":"post_tag","embeddable":true,"href":"https:\/\/ihgd.pl\/index.php?rest_route=%2Fwp%2Fv2%2Ftags&post=1939"}],"curies":[{"name":"wp","href":"https:\/\/api.w.org\/{rel}","templated":true}]}}