{"id":1917,"date":"2020-06-08T11:53:36","date_gmt":"2020-06-08T09:53:36","guid":{"rendered":"http:\/\/ihgd.pl\/?p=1917"},"modified":"2020-06-08T11:53:36","modified_gmt":"2020-06-08T09:53:36","slug":"uokik-wakacje-kredytowe-i-przepisy-antyprzejeciowe-w-tarczy-antykryzysowej-4-0","status":"publish","type":"post","link":"https:\/\/ihgd.pl\/?p=1917","title":{"rendered":"UOKiK &#8211; Wakacje kredytowe i przepisy antyprzej\u0119ciowe w Tarczy Antykryzysowej 4.0."},"content":{"rendered":"<div class=\"news_text\">\n<ul>\n<li style=\"text-align: justify;\"><strong>Sejm przyj\u0105\u0142 przepisy chroni\u0105ce kredytobiorc\u00f3w i polskie sp\u00f3\u0142ki.<\/strong><\/li>\n<li style=\"text-align: justify;\"><strong>Osoba, kt\u00f3ra straci\u0142a g\u0142\u00f3wne \u017ar\u00f3d\u0142o dochodu, b\u0119dzie mog\u0142a zawiesi\u0107 sp\u0142at\u0119 kredytu na trzy miesi\u0105ce.<\/strong><\/li>\n<li style=\"text-align: justify;\"><strong>Polskie sp\u00f3\u0142ki wa\u017cne dla bezpiecze\u0144stwa, zdrowia lub porz\u0105dku publicznego zyskaj\u0105 ochron\u0119 przed wrogimi przej\u0119ciami.<\/strong><\/li>\n<\/ul>\n<p style=\"text-align: justify;\">\u0141atwiejszy dost\u0119p do wakacji kredytowych i ochron\u0119 polskich sp\u00f3\u0142ek przed wrogimi przej\u0119ciami zapewnia uchwalona w ubieg\u0142ym tygodniu przez Sejm tzw. tarcza antykryzysowa 4.0. W przysz\u0142ym tygodniu nowymi przepisami zajmie si\u0119 Senat. Ich cel to obrona polskich przedsi\u0119biorstw, miejsc pracy i konsument\u00f3w przed negatywnymi skutkami COVID-19.<\/p>\n<div class=\"hide-mobi\" style=\"text-align: justify;\"><img decoding=\"async\" src=\"https:\/\/www.uokik.gov.pl\/img\/39868796.png\"><\/div>\n<p style=\"text-align: justify;\">\u2013 <em>Dajemy konsumentom prawo do zawieszenia sp\u0142aty kredytu na okres do 3 miesi\u0119cy, bez naliczania odsetek i innych op\u0142at<\/em> \u2013 m\u00f3wi wicepremier, minister rozwoju Jadwiga Emilewicz.<\/p>\n<p style=\"text-align: justify;\">I dodaje: \u2013 <em>Dzi\u0119ki temu gospodarstwa domowe, szczeg\u00f3lnie dotkni\u0119te przez gospodarcze skutki pandemii, b\u0119d\u0105 mog\u0142y odczu\u0107 ulg\u0119 w zbilansowaniu bie\u017c\u0105cych wydatk\u00f3w z obni\u017conymi dochodami<\/em><em>,<\/em><em> bez obawy, \u017ce prze\u0142o\u017cy si\u0119 to natychmiast na wi\u0119ksze koszty obs\u0142ugi ich zad\u0142u\u017cenia w przysz\u0142o\u015bci<\/em>.<\/p>\n<p style=\"text-align: justify;\">&#8211; <em>Nie chcemy odstrasza\u0107 inwestor\u00f3w, tylko chroni\u0107 polskie sp\u00f3\u0142ki przed wrogimi przej\u0119ciami z powodu gorszej sytuacji gospodarczej wywo\u0142anej epidemi\u0105 COVID-19 , z powodu kt\u00f3rej wycena sp\u00f3\u0142ek mo\u017ce by\u0107 szczeg\u00f3lnie niska. W czasie kryzysu wiele firm mo\u017ce popa\u015b\u0107 w okresowe trudno\u015bci i przez to sta\u0107 si\u0119 \u201e\u0142atwym \u0142upem\u201d dla inwestor\u00f3w spoza Europy. Chcemy temu zapobiec<\/em> \u2013 m\u00f3wi wicepremier Jadwiga Emilewicz.<\/p>\n<p style=\"text-align: justify;\">A Tomasz Chr\u00f3stny, prezes Urz\u0119du Ochrony Konkurencji i Konsument\u00f3w zaznacza: \u2013 M<em>o\u017cliwo\u015b\u0107 zawieszenia sp\u0142aty kredytu hipotecznego lub konsumenckiego na trzy miesi\u0105ce<\/em><em>,<\/em><em> bez ponoszenia z tego tytu\u0142u \u017cadnych op\u0142at na rzecz banku<\/em><em>,<\/em><em> b\u0119dzie dla nich znacz\u0105c\u0105 ulg\u0105. Przyk\u0142adowo dla przeci\u0119tnego kredytu hipotecznego o warto\u015bci 278 tys. z\u0142 korzy\u015b\u0107 mo\u017ce wynie\u015b\u0107 ok. 1,6 tys. z\u0142, co jest istotn\u0105 kwot\u0105 dla rodziny, kt\u00f3ra znalaz\u0142a si\u0119 w trudnej sytuacji.<\/em><\/p>\n<p style=\"text-align: justify;\">Podkre\u015bla te\u017c: \u2013 <em>Gospodarcze skutki pandemii mog\u0105 rodzi\u0107 niebezpiecze\u0144stwo wrogich przej\u0119\u0107 polskich przedsi\u0119biorstw o strategicznym znaczeniu. Rozwi\u0105zania z Tarczy 4.0 zapobiegn\u0105 tej sytuacji. Prezes UOKiK b\u0119dzie m\u00f3g\u0142 zg\u0142osi\u0107 sprzeciw wobec takich transakcji<\/em>.<\/p>\n<p style=\"text-align: justify;\">\u2013 <em>Przej\u0119cie pomimo sprzeciwu lub bez zawiadomienia Urz\u0119du b\u0119dzie niewa\u017cne i mo\u017ce skutkowa\u0107 powa\u017cnymi sankcjami finansowymi.<\/em> <em>B\u0119dziemy dzia\u0142a\u0107 sprawnie i d\u0105\u017cy\u0107 do tego, aby czas wydania decyzji by\u0142 kr\u00f3tszy ni\u017c 30 dni, tak aby nie wstrzymywa\u0107 wa\u017cnych dla Polski inwestycji zagranicznych \u2013 <\/em>dodaje prezes UOKiK<em>. <\/em><\/p>\n<p style=\"text-align: justify;\"><strong>Wakacje kredytowe <\/strong><\/p>\n<p style=\"text-align: justify;\">Dajemy prawo do zawieszenia na okres do 3 miesi\u0119cy sp\u0142aty kredytu, bez naliczania odsetek i innych op\u0142at. Nowe przepisy dotyczy\u0107 b\u0119d\u0105 tych, kt\u00f3rzy stracili prac\u0119 lub inne g\u0142\u00f3wne \u017ar\u00f3d\u0142o dochodu po 13 marca b.r. Zawieszenie nast\u0105pi automatycznie z chwil\u0105 dor\u0119czenia kredytodawcy stosownego wniosku. Konsument sam zdecyduje, czy zawiesi sp\u0142at\u0119 na jeden, dwa czy trzy miesi\u0105ce.<\/p>\n<p style=\"text-align: justify;\">Przewidziany w ustawie mechanizm zak\u0142ada m.in.:<\/p>\n<p style=\"text-align: justify;\">\u2022 Zawieszenie obowi\u0105zku sp\u0142acania kredyt\u00f3w konsumenckich, hipotecznych i kredyt\u00f3w w rozumieniu art. 69 ustawy z dnia 29 sierpnia 1997 r. \u2013 Prawo bankowe, zar\u00f3wno w cz\u0119\u015bci kapita\u0142owej, jak i odsetkowej. W tym okresie kredytodawca nie b\u0119dzie m\u00f3g\u0142 pobiera\u0107 \u017cadnych innych op\u0142at, z wyj\u0105tkiem op\u0142at z tytu\u0142u sk\u0142adek za umowy ubezpieczenia powi\u0105zane z umow\u0105 kredytu.<\/p>\n<p style=\"text-align: justify;\">\u2022 Maksymalny termin zawieszenia wykonania umowy b\u0119dzie wynosi\u0142 3 miesi\u0105ce. Okres kredytowania, jak i wszystkie terminy przewidziane w umowie kredytu, ulegn\u0105 stosownemu przed\u0142u\u017ceniu o okres zawieszenia.<\/p>\n<p style=\"text-align: justify;\">\u2022 W przypadku, w kt\u00f3rym kredytobiorca ma kilka kredyt\u00f3w tego samego rodzaju (np. dwa kredyty waloryzowane do CHF) u danego kredytodawcy, b\u0119dzie m\u00f3g\u0142 skorzysta\u0107 z wakacji kredytowych tylko wobec jednego z nich.<\/p>\n<p style=\"text-align: justify;\">\u2022 Z zawieszenia wykonywania umowy kredytowej b\u0119d\u0105 mogli skorzysta\u0107 ci konsumenci, kt\u00f3rzy po 13 marca br. stracili prac\u0119 lub inne g\u0142\u00f3wne \u017ar\u00f3d\u0142o dochodu.<\/p>\n<p style=\"text-align: justify;\">\u2022 Rozwi\u0105zanie wskazane w ustawie b\u0119dzie dotyczy\u0142o um\u00f3w kredytowych zawartych przed 13 marca 2020 r., je\u015bli termin zako\u0144czenia okresu kredytowania okre\u015blony w tych umowach przypada po up\u0142ywie 6 miesi\u0119cy od dnia 13 marca 2020 r. &nbsp;<\/p>\n<div class=\"hide-mobi\" style=\"text-align: justify;\"><img decoding=\"async\" src=\"https:\/\/www.uokik.gov.pl\/img\/b2dc6fba.png\"><\/div>\n<p style=\"text-align: justify;\"><strong>Przepisy antyprzej\u0119ciowe<\/strong><\/p>\n<p style=\"text-align: justify;\">Wprowadzamy rozwi\u0105zania, wzorowane m.in. na przepisach przyj\u0119tych niedawno w Niemczech. Zmiany wpisuj\u0105 si\u0119 tak\u017ce w dzia\u0142ania, jakie podejmuj\u0105 inne kraje europejskie (np. Francja czy W\u0142ochy) oraz pozaeuropejskie, dla ochrony krajowych sp\u00f3\u0142ek w interesie publicznym.<\/p>\n<p style=\"text-align: justify;\">Ustawa nadaje Prezesowi UOKiK dodatkowe uprawnienia w zakresie ochrony polskich przedsi\u0119biorstw, kt\u00f3rych przedmiot dzia\u0142alno\u015bci jest wa\u017cny dla porz\u0105dku publicznego, bezpiecze\u0144stwa publicznego lub zdrowia publicznego. Od momentu wej\u015bcia w \u017cycie przepis\u00f3w ka\u017cda inwestycja, obj\u0119ta przepisami niniejszej ustawy, skutkuj\u0105ca nabyciem, osi\u0105gni\u0119ciem znacz\u0105cego uczestnictwa lub nabyciem dominacji dokonana przez podmioty z siedzib\u0105 lub obywatelstwem (dla os\u00f3b fizycznych) poza krajem cz\u0142onkowskim Unii Europejskiej obj\u0119ta zostanie nadzorem Prezesa Urz\u0119du.<\/p>\n<p style=\"text-align: justify;\">Nowe regu\u0142y kontroli przej\u0119\u0107 sp\u00f3\u0142ek maj\u0105 obowi\u0105zywa\u0107 przez 2 lata. Transakcje nabycia znacz\u0105cej liczby udzia\u0142\u00f3w (tj. co najmniej 20%) w takich sp\u00f3\u0142kach b\u0119d\u0105 podlega\u0142y kontroli Prezesa UOKiK. Ochrona ma dotyczy\u0107 przedsi\u0119biorstw, kt\u00f3rych przych\u00f3d na terytorium RP przekroczy\u0142 r\u00f3wnowarto\u015b\u0107 10 mln euro w kt\u00f3rymkolwiek z dw\u00f3ch lat obrotowych poprzedzaj\u0105cych ch\u0119\u0107 przej\u0119cia.<\/p>\n<p style=\"text-align: justify;\">Przygotowana przez nas regulacja obejmuje podmioty kluczowe dla zachowania bezpiecze\u0144stwa, porz\u0105dku i zdrowia publicznego m.in.:<\/p>\n<p style=\"text-align: justify;\">\u2022 prowadz\u0105ce dzia\u0142alno\u015b\u0107 gospodarcz\u0105 zwi\u0105zan\u0105 z: energi\u0105 elektryczn\u0105, gazem, paliwami, telekomunikacj\u0105, przetw\u00f3rstwem \u017cywno\u015bci, produkcj\u0105 lek\u00f3w, chemikali\u00f3w i nawoz\u00f3w, materia\u0142ami wybuchowymi, broni\u0105 i amunicj\u0105 oraz wyrobami technologii o przeznaczeniu wojskowym lub policyjnym;<\/p>\n<p style=\"text-align: justify;\">\u2022 tworz\u0105ce oprogramowania wykorzystywane w us\u0142ugach podstawowych dla spo\u0142ecze\u0144stwa, takich jak:<\/p>\n<p style=\"text-align: justify;\">energia, paliwa, zaopatrzenie w wod\u0119, &nbsp;zaopatrzenie w got\u00f3wk\u0119, p\u0142atno\u015bci kart\u0105, szpitale, sprzeda\u017c lek\u00f3w na recept\u0119, transport oraz zaopatrywanie w \u017cywno\u015b\u0107;<\/p>\n<p style=\"text-align: justify;\">\u2022 sp\u00f3\u0142ki publiczne. &nbsp;<\/p>\n<p style=\"text-align: justify;\">Dodatkowo, ustawa wprowadza podstawy do wymiany, za po\u015brednictwem punktu kontaktowego, informacji o inwestycjach zagranicznych pomi\u0119dzy pa\u0144stwami cz\u0142onkowskimi UE i Komisj\u0105 Europejsk\u0105.<\/p>\n<div class=\"hide-mobi\" style=\"text-align: justify;\"><img decoding=\"async\" src=\"https:\/\/www.uokik.gov.pl\/img\/041ec86e.png\"><\/div>\n<p style=\"text-align: justify;\"><strong>Kluczowe rozwi\u0105zania ustawy Tarczy Antykryzysowej 4.0 <\/strong><br \/>\n\u2022 czasowe przepisy antyprzej\u0119ciowe dla ochrony polskich firm przed wykupem przez inwestor\u00f3w spoza UE;<br \/>\n\u2022 wsparcie bud\u017cet\u00f3w samorz\u0105d\u00f3w;<br \/>\n\u2022 u\u0142atwienia dot. przetarg\u00f3w;<br \/>\n\u2022 dop\u0142aty z bud\u017cetu pa\u0144stwa do oprocentowania kredyt\u00f3w bankowych dla firm;<br \/>\n\u2022 wakacje kredytowe dla tych, kt\u00f3rzy po 13 marca stracili prac\u0119 lub g\u0142\u00f3wne \u017ar\u00f3d\u0142o dochodu;<br \/>\n\u2022 wsparcie utrzymania miejsc pracy poprzez dostosowanie rynku pracy do wyzwa\u0144 &nbsp;spowodowanych przez COVID-19;<br \/>\n\u2022 u\u0142atwienia podatkowe, w tym prawo do odliczania darowizn na rzecz m.in. dom\u00f3w samotnej matki, noclegowni, schronisk dla os\u00f3b bezdomnych, czy dom\u00f3w pomocy spo\u0142ecznej.<\/p>\n<p><span style=\"color: #ff0000;\"><em><strong>Czytaj wi\u0119cej na:<\/strong><\/em><\/span><br \/>\n<a href=\"https:\/\/www.uokik.gov.pl\/aktualnosci.php?news_id=16465\" target=\"_blank\" rel=\"noopener noreferrer\">https:\/\/www.uokik.gov.pl\/aktualnosci.php?news_id=16465<\/a><\/p>\n<\/div>\n","protected":false},"excerpt":{"rendered":"<div class=\"mh-excerpt\"><p>Sejm przyj\u0105\u0142 przepisy chroni\u0105ce kredytobiorc\u00f3w i polskie sp\u00f3\u0142ki. Osoba, kt\u00f3ra straci\u0142a g\u0142\u00f3wne \u017ar\u00f3d\u0142o dochodu, b\u0119dzie mog\u0142a zawiesi\u0107 sp\u0142at\u0119 kredytu na trzy miesi\u0105ce. Polskie sp\u00f3\u0142ki wa\u017cne dla bezpiecze\u0144stwa, zdrowia lub porz\u0105dku <a class=\"mh-excerpt-more\" href=\"https:\/\/ihgd.pl\/?p=1917\" title=\"UOKiK &#8211; Wakacje kredytowe i przepisy antyprzej\u0119ciowe w Tarczy Antykryzysowej 4.0.\">(((&#8230;wi\u0119cej)))<\/a><\/p>\n<\/div>","protected":false},"author":1,"featured_media":1877,"comment_status":"closed","ping_status":"closed","sticky":false,"template":"","format":"standard","meta":{"ngg_post_thumbnail":0,"footnotes":""},"categories":[4],"tags":[78,223,224,152,108,250,193,37,222,178,96,182],"class_list":["post-1917","post","type-post","status-publish","format-standard","has-post-thumbnail","hentry","category-artykuly","tag-finanse","tag-inwestycje","tag-kontrola-koncentracji","tag-koronawirus","tag-kredyty","tag-ministerstwo-rozwoju","tag-ochrona-konkurencji","tag-ochrona-konsumentow","tag-ochrona-przedsiebiorcow","tag-tarcza-antykryzysowa","tag-uokik","tag-wakacje-kredytowe"],"_links":{"self":[{"href":"https:\/\/ihgd.pl\/index.php?rest_route=\/wp\/v2\/posts\/1917","targetHints":{"allow":["GET"]}}],"collection":[{"href":"https:\/\/ihgd.pl\/index.php?rest_route=\/wp\/v2\/posts"}],"about":[{"href":"https:\/\/ihgd.pl\/index.php?rest_route=\/wp\/v2\/types\/post"}],"author":[{"embeddable":true,"href":"https:\/\/ihgd.pl\/index.php?rest_route=\/wp\/v2\/users\/1"}],"replies":[{"embeddable":true,"href":"https:\/\/ihgd.pl\/index.php?rest_route=%2Fwp%2Fv2%2Fcomments&post=1917"}],"version-history":[{"count":1,"href":"https:\/\/ihgd.pl\/index.php?rest_route=\/wp\/v2\/posts\/1917\/revisions"}],"predecessor-version":[{"id":1918,"href":"https:\/\/ihgd.pl\/index.php?rest_route=\/wp\/v2\/posts\/1917\/revisions\/1918"}],"wp:featuredmedia":[{"embeddable":true,"href":"https:\/\/ihgd.pl\/index.php?rest_route=\/wp\/v2\/media\/1877"}],"wp:attachment":[{"href":"https:\/\/ihgd.pl\/index.php?rest_route=%2Fwp%2Fv2%2Fmedia&parent=1917"}],"wp:term":[{"taxonomy":"category","embeddable":true,"href":"https:\/\/ihgd.pl\/index.php?rest_route=%2Fwp%2Fv2%2Fcategories&post=1917"},{"taxonomy":"post_tag","embeddable":true,"href":"https:\/\/ihgd.pl\/index.php?rest_route=%2Fwp%2Fv2%2Ftags&post=1917"}],"curies":[{"name":"wp","href":"https:\/\/api.w.org\/{rel}","templated":true}]}}